{"id":5732,"date":"2024-01-08T13:18:00","date_gmt":"2024-01-08T12:18:00","guid":{"rendered":"https:\/\/smartfp.cz\/blog\/unkategorisiert\/hr-fruehstueck-praktische-erfahrungen-mit-arbeitsrechtlichen-neuigkeiten\/"},"modified":"2025-01-27T12:42:05","modified_gmt":"2025-01-27T11:42:05","slug":"hr-fruehstueck-praktische-erfahrungen-mit-arbeitsrechtlichen-neuigkeiten","status":"publish","type":"post","link":"https:\/\/smartfp.cz\/de\/blog\/ereignisse\/hr-fruehstueck-praktische-erfahrungen-mit-arbeitsrechtlichen-neuigkeiten\/","title":{"rendered":"HR-Fr\u00fchst\u00fcck: Praktische Erfahrungen mit arbeitsrechtlichen Neuigkeiten"},"content":{"rendered":"\n<p class=\"has-medium-font-size\">Die h\u00e4ufigsten Fehler nach der Einf\u00fchrung der \u00c4nderung des Arbeitsgesetzbuchs, anschauliche Beispiele, anstehende Neuigkeiten f\u00fcr 2024, wie z.B. die Begrenzung von Leistungen, oder Informationen \u00fcber illegale Besch\u00e4ftigung. All dies wird bei den HR-Fr\u00fchst\u00fccken in Prag, Brno, Ostrava und Olomouc im Februar und M\u00e4rz diskutiert. Die Veranstaltungen werden von der <a href=\"https:\/\/www.svazpersonalistu.cz\/\" target=\"_blank\" rel=\"noreferrer noopener\">Association of HR Professionals<\/a> organisiert und SmartFP ist ein Partner.  <\/p>\n\n<p class=\"has-medium-font-size\">\u00a0<\/p>\n\n<p class=\"has-medium-font-size\">Es werden Expertenthemen diskutiert  <strong>Rechtsanw\u00e4ltin Mgr. Kl\u00e1ra Gottwaldov\u00e1 <\/strong>  und bei uns k\u00f6nnen Sie erleben, wie einfach es ist, jedes Dokument im SmartFP-System elektronisch zu unterschreiben. Die elektronische Unterzeichnung von Dokumenten im Personalwesen ist eine der Verbesserungen, die die \u00c4nderung des Arbeitsgesetzes mit sich bringt. <\/p>\n\n<p>\u00a0<\/p>\n\n<p class=\"has-medium-font-size\"><strong>LOCATION<\/strong><\/p>\n\n<ul class=\"wp-block-list\">\n<li class=\"has-medium-font-size\">Donnerstag <strong><mark style=\"background-color:rgba(0, 0, 0, 0)\" class=\"has-inline-color has-custom-sfp-dark-orange-color\">22 Februar<\/mark><\/strong> 2024 | <strong>OLOMOUC<\/strong> | REGIONALES ZENTRUM<\/li>\n\n\n\n<li class=\"has-medium-font-size\">Dienstag <strong><mark style=\"background-color:rgba(0, 0, 0, 0)\" class=\"has-inline-color has-custom-sfp-dark-orange-color\">12 M\u00e4rz <\/mark><\/strong>2024 | <strong>PRAG <\/strong>| JUGENDSTIL PALAST HOTEL  <\/li>\n\n\n\n<li class=\"has-medium-font-size\">Mittwoch <strong><mark style=\"background-color:rgba(0, 0, 0, 0)\" class=\"has-inline-color has-custom-sfp-dark-orange-color\">20 M\u00e4rz<\/mark><\/strong> 2024 | <strong>BRNO<\/strong> | HOTEL COURTYARD BY MARRIOTT<\/li>\n\n\n\n<li class=\"has-medium-font-size\">Donnerstag <strong><mark style=\"background-color:rgba(0, 0, 0, 0)\" class=\"has-inline-color has-custom-sfp-dark-orange-color\">21 M\u00e4rz<\/mark><\/strong> 2024 |<strong> OSTRAVA<\/strong> | HARMONY CLUB HOTEL<\/li>\n<\/ul>\n\n<p class=\"has-medium-font-size\"><strong>ZEIT<\/strong><\/p>\n\n<ul class=\"wp-block-list\">\n<li class=\"has-medium-font-size\">Beginn um 9:00 Uhr<\/li>\n\n\n\n<li class=\"has-medium-font-size\">Schlie\u00dfung um 12:00<\/li>\n<\/ul>\n\n<p class=\"has-medium-font-size\"><strong>PREIS<\/strong><\/p>\n\n<ul class=\"wp-block-list\">\n<li class=\"has-medium-font-size\">kostenloses Mitglied der Association of Personnel Professionals,  <\/li>\n\n\n\n<li class=\"has-medium-font-size\">Begleitung eines Mitglieds des Verbands der Personalfachleute 1500 CZK<\/li>\n\n\n\n<li class=\"has-medium-font-size\">\u00d6ffentlichkeit (Nicht-Mitglieder) 3 500 CZK<\/li>\n<\/ul>\n\n<p>\u00a0<\/p>\n\n<p class=\"has-medium-font-size\"><strong>REGISTRIERUNG<\/strong><\/p>\n\n<ul class=\"wp-block-list\">\n<li class=\"has-medium-font-size\">\u00fcber die <a href=\"https:\/\/www.scholasticus.com\/spcr\/search?catparam=31\" target=\"_blank\" rel=\"noreferrer noopener\">Anmeldeseiten f\u00fcr<\/a> Veranstaltungen, die von der Association of Personnel Professionals organisiert werden<\/li>\n<\/ul>\n\n<p class=\"has-medium-font-size\">\u00a0<\/p>\n\n<figure class=\"wp-block-image\"><a href=\"https:\/\/www.scholasticus.com\/spcr\/search?catparam=31\" target=\"_blank\" rel=\"noreferrer noopener\"><img decoding=\"async\" src=\"https:\/\/smartfp.cz\/_Upload\/HR%20brakfast%202024.jpg\" alt=\"\"\/><\/a><\/figure>\n\n<p>\u00a0<\/p>\n\n<p class=\"has-medium-font-size\">Nehmen Sie an einem Arbeitsfr\u00fchst\u00fcck teil und holen Sie sich frische Informationen aus der HR-Welt.<\/p>\n","protected":false},"excerpt":{"rendered":"<p>Die h\u00e4ufigsten Fehler nach der Einf\u00fchrung der \u00c4nderung des Arbeitsgesetzbuchs, anschauliche Beispiele, anstehende Neuigkeiten f\u00fcr 2024, wie z.B. die Begrenzung von Leistungen, oder Informationen \u00fcber illegale Besch\u00e4ftigung. All dies wird bei den HR-Fr\u00fchst\u00fccken in Prag, Brno, Ostrava und Olomouc im Februar und M\u00e4rz diskutiert. Die Veranstaltungen werden von der Association of HR Professionals organisiert und [&hellip;]<\/p>\n","protected":false},"author":7,"featured_media":5734,"comment_status":"closed","ping_status":"open","sticky":false,"template":"","format":"standard","meta":{"_eb_attr":"","inline_featured_image":false,"_eb_data_table":"","footnotes":""},"categories":[54],"tags":[],"class_list":["post-5732","post","type-post","status-publish","format-standard","has-post-thumbnail","hentry","category-ereignisse"],"yoast_head":"<!-- This site is optimized with the Yoast SEO plugin v27.5 - https:\/\/yoast.com\/product\/yoast-seo-wordpress\/ -->\n<title>HR-Fr\u00fchst\u00fcck: Praktische Erfahrungen mit arbeitsrechtlichen Neuigkeiten - SmartFP<\/title>\n<meta name=\"robots\" content=\"index, follow, max-snippet:-1, max-image-preview:large, max-video-preview:-1\" \/>\n<link rel=\"canonical\" href=\"https:\/\/smartfp.cz\/de\/blog\/ereignisse\/hr-fruehstueck-praktische-erfahrungen-mit-arbeitsrechtlichen-neuigkeiten\/\" \/>\n<meta property=\"og:locale\" content=\"de_DE\" \/>\n<meta property=\"og:type\" content=\"article\" \/>\n<meta property=\"og:title\" content=\"HR-Fr\u00fchst\u00fcck: Praktische Erfahrungen mit arbeitsrechtlichen Neuigkeiten - SmartFP\" \/>\n<meta property=\"og:description\" content=\"Die h\u00e4ufigsten Fehler nach der Einf\u00fchrung der \u00c4nderung des Arbeitsgesetzbuchs, anschauliche Beispiele, anstehende Neuigkeiten f\u00fcr 2024, wie z.B. die Begrenzung von Leistungen, oder Informationen \u00fcber illegale Besch\u00e4ftigung. All dies wird bei den HR-Fr\u00fchst\u00fccken in Prag, Brno, Ostrava und Olomouc im Februar und M\u00e4rz diskutiert. Die Veranstaltungen werden von der Association of HR Professionals organisiert und [&hellip;]\" \/>\n<meta property=\"og:url\" content=\"https:\/\/smartfp.cz\/de\/blog\/ereignisse\/hr-fruehstueck-praktische-erfahrungen-mit-arbeitsrechtlichen-neuigkeiten\/\" \/>\n<meta property=\"og:site_name\" content=\"SmartFP\" \/>\n<meta property=\"article:publisher\" content=\"https:\/\/www.facebook.com\/smartformplatform\" \/>\n<meta property=\"article:published_time\" content=\"2024-01-08T12:18:00+00:00\" \/>\n<meta property=\"article:modified_time\" content=\"2025-01-27T11:42:05+00:00\" \/>\n<meta property=\"og:image\" content=\"https:\/\/smartfp.cz\/wp-content\/uploads\/2024\/05\/Obrazky-na-blogm.jpeg\" \/>\n\t<meta property=\"og:image:width\" content=\"800\" \/>\n\t<meta property=\"og:image:height\" content=\"450\" \/>\n\t<meta property=\"og:image:type\" content=\"image\/jpeg\" \/>\n<meta name=\"author\" content=\"Ema Nov\u00e1kov\u00e1\" \/>\n<meta name=\"twitter:card\" content=\"summary_large_image\" \/>\n<script type=\"application\/ld+json\" class=\"yoast-schema-graph\">{\"@context\":\"https:\\\/\\\/schema.org\",\"@graph\":[{\"@type\":\"Article\",\"@id\":\"https:\\\/\\\/smartfp.cz\\\/de\\\/blog\\\/ereignisse\\\/hr-fruehstueck-praktische-erfahrungen-mit-arbeitsrechtlichen-neuigkeiten\\\/#article\",\"isPartOf\":{\"@id\":\"https:\\\/\\\/smartfp.cz\\\/de\\\/blog\\\/ereignisse\\\/hr-fruehstueck-praktische-erfahrungen-mit-arbeitsrechtlichen-neuigkeiten\\\/\"},\"author\":{\"name\":\"Ema Nov\u00e1kov\u00e1\",\"@id\":\"https:\\\/\\\/smartfp.cz\\\/de\\\/#\\\/schema\\\/person\\\/aed660a2269a1da47c5d2f5181fc5d76\"},\"headline\":\"HR-Fr\u00fchst\u00fcck: Praktische Erfahrungen mit arbeitsrechtlichen Neuigkeiten\",\"datePublished\":\"2024-01-08T12:18:00+00:00\",\"dateModified\":\"2025-01-27T11:42:05+00:00\",\"mainEntityOfPage\":{\"@id\":\"https:\\\/\\\/smartfp.cz\\\/de\\\/blog\\\/ereignisse\\\/hr-fruehstueck-praktische-erfahrungen-mit-arbeitsrechtlichen-neuigkeiten\\\/\"},\"wordCount\":208,\"publisher\":{\"@id\":\"https:\\\/\\\/smartfp.cz\\\/de\\\/#organization\"},\"image\":{\"@id\":\"https:\\\/\\\/smartfp.cz\\\/de\\\/blog\\\/ereignisse\\\/hr-fruehstueck-praktische-erfahrungen-mit-arbeitsrechtlichen-neuigkeiten\\\/#primaryimage\"},\"thumbnailUrl\":\"https:\\\/\\\/smartfp.cz\\\/wp-content\\\/uploads\\\/2024\\\/05\\\/Obrazky-na-blogm.jpeg\",\"articleSection\":[\"Ereignisse\"],\"inLanguage\":\"de\"},{\"@type\":\"WebPage\",\"@id\":\"https:\\\/\\\/smartfp.cz\\\/de\\\/blog\\\/ereignisse\\\/hr-fruehstueck-praktische-erfahrungen-mit-arbeitsrechtlichen-neuigkeiten\\\/\",\"url\":\"https:\\\/\\\/smartfp.cz\\\/de\\\/blog\\\/ereignisse\\\/hr-fruehstueck-praktische-erfahrungen-mit-arbeitsrechtlichen-neuigkeiten\\\/\",\"name\":\"HR-Fr\u00fchst\u00fcck: Praktische Erfahrungen mit arbeitsrechtlichen Neuigkeiten - SmartFP\",\"isPartOf\":{\"@id\":\"https:\\\/\\\/smartfp.cz\\\/de\\\/#website\"},\"primaryImageOfPage\":{\"@id\":\"https:\\\/\\\/smartfp.cz\\\/de\\\/blog\\\/ereignisse\\\/hr-fruehstueck-praktische-erfahrungen-mit-arbeitsrechtlichen-neuigkeiten\\\/#primaryimage\"},\"image\":{\"@id\":\"https:\\\/\\\/smartfp.cz\\\/de\\\/blog\\\/ereignisse\\\/hr-fruehstueck-praktische-erfahrungen-mit-arbeitsrechtlichen-neuigkeiten\\\/#primaryimage\"},\"thumbnailUrl\":\"https:\\\/\\\/smartfp.cz\\\/wp-content\\\/uploads\\\/2024\\\/05\\\/Obrazky-na-blogm.jpeg\",\"datePublished\":\"2024-01-08T12:18:00+00:00\",\"dateModified\":\"2025-01-27T11:42:05+00:00\",\"breadcrumb\":{\"@id\":\"https:\\\/\\\/smartfp.cz\\\/de\\\/blog\\\/ereignisse\\\/hr-fruehstueck-praktische-erfahrungen-mit-arbeitsrechtlichen-neuigkeiten\\\/#breadcrumb\"},\"inLanguage\":\"de\",\"potentialAction\":[{\"@type\":\"ReadAction\",\"target\":[\"https:\\\/\\\/smartfp.cz\\\/de\\\/blog\\\/ereignisse\\\/hr-fruehstueck-praktische-erfahrungen-mit-arbeitsrechtlichen-neuigkeiten\\\/\"]}]},{\"@type\":\"ImageObject\",\"inLanguage\":\"de\",\"@id\":\"https:\\\/\\\/smartfp.cz\\\/de\\\/blog\\\/ereignisse\\\/hr-fruehstueck-praktische-erfahrungen-mit-arbeitsrechtlichen-neuigkeiten\\\/#primaryimage\",\"url\":\"https:\\\/\\\/smartfp.cz\\\/wp-content\\\/uploads\\\/2024\\\/05\\\/Obrazky-na-blogm.jpeg\",\"contentUrl\":\"https:\\\/\\\/smartfp.cz\\\/wp-content\\\/uploads\\\/2024\\\/05\\\/Obrazky-na-blogm.jpeg\",\"width\":800,\"height\":450,\"caption\":\"xr:d:DAFTVMCUnjQ:116,j:9066162321567855700,t:24012208\"},{\"@type\":\"BreadcrumbList\",\"@id\":\"https:\\\/\\\/smartfp.cz\\\/de\\\/blog\\\/ereignisse\\\/hr-fruehstueck-praktische-erfahrungen-mit-arbeitsrechtlichen-neuigkeiten\\\/#breadcrumb\",\"itemListElement\":[{\"@type\":\"ListItem\",\"position\":1,\"name\":\"Dom\u016f\",\"item\":\"https:\\\/\\\/smartfp.cz\\\/de\\\/\"},{\"@type\":\"ListItem\",\"position\":2,\"name\":\"Ereignisse\",\"item\":\"https:\\\/\\\/smartfp.cz\\\/de\\\/blog\\\/category\\\/ereignisse\\\/\"},{\"@type\":\"ListItem\",\"position\":3,\"name\":\"HR-Fr\u00fchst\u00fcck: Praktische Erfahrungen mit arbeitsrechtlichen Neuigkeiten\"}]},{\"@type\":\"WebSite\",\"@id\":\"https:\\\/\\\/smartfp.cz\\\/de\\\/#website\",\"url\":\"https:\\\/\\\/smartfp.cz\\\/de\\\/\",\"name\":\"SmartFP\",\"description\":\"Firemn\u00ed aplikace a integrace\",\"publisher\":{\"@id\":\"https:\\\/\\\/smartfp.cz\\\/de\\\/#organization\"},\"potentialAction\":[{\"@type\":\"SearchAction\",\"target\":{\"@type\":\"EntryPoint\",\"urlTemplate\":\"https:\\\/\\\/smartfp.cz\\\/de\\\/?s={search_term_string}\"},\"query-input\":{\"@type\":\"PropertyValueSpecification\",\"valueRequired\":true,\"valueName\":\"search_term_string\"}}],\"inLanguage\":\"de\"},{\"@type\":\"Organization\",\"@id\":\"https:\\\/\\\/smartfp.cz\\\/de\\\/#organization\",\"name\":\"Gappex s.r.o.\",\"alternateName\":\"SmartFP\",\"url\":\"https:\\\/\\\/smartfp.cz\\\/de\\\/\",\"logo\":{\"@type\":\"ImageObject\",\"inLanguage\":\"de\",\"@id\":\"https:\\\/\\\/smartfp.cz\\\/de\\\/#\\\/schema\\\/logo\\\/image\\\/\",\"url\":\"https:\\\/\\\/smartfp.cz\\\/wp-content\\\/uploads\\\/2024\\\/05\\\/SFP-long-color-1.svg\",\"contentUrl\":\"https:\\\/\\\/smartfp.cz\\\/wp-content\\\/uploads\\\/2024\\\/05\\\/SFP-long-color-1.svg\",\"width\":100,\"height\":100,\"caption\":\"Gappex s.r.o.\"},\"image\":{\"@id\":\"https:\\\/\\\/smartfp.cz\\\/de\\\/#\\\/schema\\\/logo\\\/image\\\/\"},\"sameAs\":[\"https:\\\/\\\/www.facebook.com\\\/smartformplatform\",\"https:\\\/\\\/www.instagram.com\\\/smart.fp\\\/\",\"https:\\\/\\\/cz.linkedin.com\\\/company\\\/gappex\",\"https:\\\/\\\/www.youtube.com\\\/@smartfp\"]},{\"@type\":\"Person\",\"@id\":\"https:\\\/\\\/smartfp.cz\\\/de\\\/#\\\/schema\\\/person\\\/aed660a2269a1da47c5d2f5181fc5d76\",\"name\":\"Ema Nov\u00e1kov\u00e1\"}]}<\/script>\n<!-- \/ Yoast SEO plugin. -->","yoast_head_json":{"title":"HR-Fr\u00fchst\u00fcck: Praktische Erfahrungen mit arbeitsrechtlichen Neuigkeiten - SmartFP","robots":{"index":"index","follow":"follow","max-snippet":"max-snippet:-1","max-image-preview":"max-image-preview:large","max-video-preview":"max-video-preview:-1"},"canonical":"https:\/\/smartfp.cz\/de\/blog\/ereignisse\/hr-fruehstueck-praktische-erfahrungen-mit-arbeitsrechtlichen-neuigkeiten\/","og_locale":"de_DE","og_type":"article","og_title":"HR-Fr\u00fchst\u00fcck: Praktische Erfahrungen mit arbeitsrechtlichen Neuigkeiten - SmartFP","og_description":"Die h\u00e4ufigsten Fehler nach der Einf\u00fchrung der \u00c4nderung des Arbeitsgesetzbuchs, anschauliche Beispiele, anstehende Neuigkeiten f\u00fcr 2024, wie z.B. die Begrenzung von Leistungen, oder Informationen \u00fcber illegale Besch\u00e4ftigung. All dies wird bei den HR-Fr\u00fchst\u00fccken in Prag, Brno, Ostrava und Olomouc im Februar und M\u00e4rz diskutiert. Die Veranstaltungen werden von der Association of HR Professionals organisiert und [&hellip;]","og_url":"https:\/\/smartfp.cz\/de\/blog\/ereignisse\/hr-fruehstueck-praktische-erfahrungen-mit-arbeitsrechtlichen-neuigkeiten\/","og_site_name":"SmartFP","article_publisher":"https:\/\/www.facebook.com\/smartformplatform","article_published_time":"2024-01-08T12:18:00+00:00","article_modified_time":"2025-01-27T11:42:05+00:00","og_image":[{"width":800,"height":450,"url":"https:\/\/smartfp.cz\/wp-content\/uploads\/2024\/05\/Obrazky-na-blogm.jpeg","type":"image\/jpeg"}],"author":"Ema Nov\u00e1kov\u00e1","twitter_card":"summary_large_image","schema":{"@context":"https:\/\/schema.org","@graph":[{"@type":"Article","@id":"https:\/\/smartfp.cz\/de\/blog\/ereignisse\/hr-fruehstueck-praktische-erfahrungen-mit-arbeitsrechtlichen-neuigkeiten\/#article","isPartOf":{"@id":"https:\/\/smartfp.cz\/de\/blog\/ereignisse\/hr-fruehstueck-praktische-erfahrungen-mit-arbeitsrechtlichen-neuigkeiten\/"},"author":{"name":"Ema Nov\u00e1kov\u00e1","@id":"https:\/\/smartfp.cz\/de\/#\/schema\/person\/aed660a2269a1da47c5d2f5181fc5d76"},"headline":"HR-Fr\u00fchst\u00fcck: Praktische Erfahrungen mit arbeitsrechtlichen Neuigkeiten","datePublished":"2024-01-08T12:18:00+00:00","dateModified":"2025-01-27T11:42:05+00:00","mainEntityOfPage":{"@id":"https:\/\/smartfp.cz\/de\/blog\/ereignisse\/hr-fruehstueck-praktische-erfahrungen-mit-arbeitsrechtlichen-neuigkeiten\/"},"wordCount":208,"publisher":{"@id":"https:\/\/smartfp.cz\/de\/#organization"},"image":{"@id":"https:\/\/smartfp.cz\/de\/blog\/ereignisse\/hr-fruehstueck-praktische-erfahrungen-mit-arbeitsrechtlichen-neuigkeiten\/#primaryimage"},"thumbnailUrl":"https:\/\/smartfp.cz\/wp-content\/uploads\/2024\/05\/Obrazky-na-blogm.jpeg","articleSection":["Ereignisse"],"inLanguage":"de"},{"@type":"WebPage","@id":"https:\/\/smartfp.cz\/de\/blog\/ereignisse\/hr-fruehstueck-praktische-erfahrungen-mit-arbeitsrechtlichen-neuigkeiten\/","url":"https:\/\/smartfp.cz\/de\/blog\/ereignisse\/hr-fruehstueck-praktische-erfahrungen-mit-arbeitsrechtlichen-neuigkeiten\/","name":"HR-Fr\u00fchst\u00fcck: Praktische Erfahrungen mit arbeitsrechtlichen Neuigkeiten - SmartFP","isPartOf":{"@id":"https:\/\/smartfp.cz\/de\/#website"},"primaryImageOfPage":{"@id":"https:\/\/smartfp.cz\/de\/blog\/ereignisse\/hr-fruehstueck-praktische-erfahrungen-mit-arbeitsrechtlichen-neuigkeiten\/#primaryimage"},"image":{"@id":"https:\/\/smartfp.cz\/de\/blog\/ereignisse\/hr-fruehstueck-praktische-erfahrungen-mit-arbeitsrechtlichen-neuigkeiten\/#primaryimage"},"thumbnailUrl":"https:\/\/smartfp.cz\/wp-content\/uploads\/2024\/05\/Obrazky-na-blogm.jpeg","datePublished":"2024-01-08T12:18:00+00:00","dateModified":"2025-01-27T11:42:05+00:00","breadcrumb":{"@id":"https:\/\/smartfp.cz\/de\/blog\/ereignisse\/hr-fruehstueck-praktische-erfahrungen-mit-arbeitsrechtlichen-neuigkeiten\/#breadcrumb"},"inLanguage":"de","potentialAction":[{"@type":"ReadAction","target":["https:\/\/smartfp.cz\/de\/blog\/ereignisse\/hr-fruehstueck-praktische-erfahrungen-mit-arbeitsrechtlichen-neuigkeiten\/"]}]},{"@type":"ImageObject","inLanguage":"de","@id":"https:\/\/smartfp.cz\/de\/blog\/ereignisse\/hr-fruehstueck-praktische-erfahrungen-mit-arbeitsrechtlichen-neuigkeiten\/#primaryimage","url":"https:\/\/smartfp.cz\/wp-content\/uploads\/2024\/05\/Obrazky-na-blogm.jpeg","contentUrl":"https:\/\/smartfp.cz\/wp-content\/uploads\/2024\/05\/Obrazky-na-blogm.jpeg","width":800,"height":450,"caption":"xr:d:DAFTVMCUnjQ:116,j:9066162321567855700,t:24012208"},{"@type":"BreadcrumbList","@id":"https:\/\/smartfp.cz\/de\/blog\/ereignisse\/hr-fruehstueck-praktische-erfahrungen-mit-arbeitsrechtlichen-neuigkeiten\/#breadcrumb","itemListElement":[{"@type":"ListItem","position":1,"name":"Dom\u016f","item":"https:\/\/smartfp.cz\/de\/"},{"@type":"ListItem","position":2,"name":"Ereignisse","item":"https:\/\/smartfp.cz\/de\/blog\/category\/ereignisse\/"},{"@type":"ListItem","position":3,"name":"HR-Fr\u00fchst\u00fcck: Praktische Erfahrungen mit arbeitsrechtlichen Neuigkeiten"}]},{"@type":"WebSite","@id":"https:\/\/smartfp.cz\/de\/#website","url":"https:\/\/smartfp.cz\/de\/","name":"SmartFP","description":"Firemn\u00ed aplikace a integrace","publisher":{"@id":"https:\/\/smartfp.cz\/de\/#organization"},"potentialAction":[{"@type":"SearchAction","target":{"@type":"EntryPoint","urlTemplate":"https:\/\/smartfp.cz\/de\/?s={search_term_string}"},"query-input":{"@type":"PropertyValueSpecification","valueRequired":true,"valueName":"search_term_string"}}],"inLanguage":"de"},{"@type":"Organization","@id":"https:\/\/smartfp.cz\/de\/#organization","name":"Gappex s.r.o.","alternateName":"SmartFP","url":"https:\/\/smartfp.cz\/de\/","logo":{"@type":"ImageObject","inLanguage":"de","@id":"https:\/\/smartfp.cz\/de\/#\/schema\/logo\/image\/","url":"https:\/\/smartfp.cz\/wp-content\/uploads\/2024\/05\/SFP-long-color-1.svg","contentUrl":"https:\/\/smartfp.cz\/wp-content\/uploads\/2024\/05\/SFP-long-color-1.svg","width":100,"height":100,"caption":"Gappex s.r.o."},"image":{"@id":"https:\/\/smartfp.cz\/de\/#\/schema\/logo\/image\/"},"sameAs":["https:\/\/www.facebook.com\/smartformplatform","https:\/\/www.instagram.com\/smart.fp\/","https:\/\/cz.linkedin.com\/company\/gappex","https:\/\/www.youtube.com\/@smartfp"]},{"@type":"Person","@id":"https:\/\/smartfp.cz\/de\/#\/schema\/person\/aed660a2269a1da47c5d2f5181fc5d76","name":"Ema Nov\u00e1kov\u00e1"}]}},"_links":{"self":[{"href":"https:\/\/smartfp.cz\/de\/wp-json\/wp\/v2\/posts\/5732","targetHints":{"allow":["GET"]}}],"collection":[{"href":"https:\/\/smartfp.cz\/de\/wp-json\/wp\/v2\/posts"}],"about":[{"href":"https:\/\/smartfp.cz\/de\/wp-json\/wp\/v2\/types\/post"}],"author":[{"embeddable":true,"href":"https:\/\/smartfp.cz\/de\/wp-json\/wp\/v2\/users\/7"}],"replies":[{"embeddable":true,"href":"https:\/\/smartfp.cz\/de\/wp-json\/wp\/v2\/comments?post=5732"}],"version-history":[{"count":1,"href":"https:\/\/smartfp.cz\/de\/wp-json\/wp\/v2\/posts\/5732\/revisions"}],"predecessor-version":[{"id":5735,"href":"https:\/\/smartfp.cz\/de\/wp-json\/wp\/v2\/posts\/5732\/revisions\/5735"}],"wp:featuredmedia":[{"embeddable":true,"href":"https:\/\/smartfp.cz\/de\/wp-json\/wp\/v2\/media\/5734"}],"wp:attachment":[{"href":"https:\/\/smartfp.cz\/de\/wp-json\/wp\/v2\/media?parent=5732"}],"wp:term":[{"taxonomy":"category","embeddable":true,"href":"https:\/\/smartfp.cz\/de\/wp-json\/wp\/v2\/categories?post=5732"},{"taxonomy":"post_tag","embeddable":true,"href":"https:\/\/smartfp.cz\/de\/wp-json\/wp\/v2\/tags?post=5732"}],"curies":[{"name":"wp","href":"https:\/\/api.w.org\/{rel}","templated":true}]}}