{"id":5614,"date":"2022-01-06T11:31:00","date_gmt":"2022-01-06T10:31:00","guid":{"rendered":"https:\/\/smartfp.cz\/blog\/unkategorisiert\/covid-tests-kehren-in-die-unternehmen-zurueck\/"},"modified":"2025-01-27T12:41:43","modified_gmt":"2025-01-27T11:41:43","slug":"covid-tests-kehren-in-die-unternehmen-zurueck","status":"publish","type":"post","link":"https:\/\/smartfp.cz\/de\/blog\/artikel\/covid-tests-kehren-in-die-unternehmen-zurueck\/","title":{"rendered":"Covid-Tests kehren in die Unternehmen zur\u00fcck"},"content":{"rendered":"\n<p class=\"has-medium-font-size\"><em>Ab dem 17. Januar m\u00fcssen sich alle Arbeitnehmer zweimal w\u00f6chentlich mit Antigen-Selbsttestkits testen lassen. Die obligatorischen Tests werden dann von der gesetzlichen Krankenversicherung zu einem Preis von 60 CZK pro Test (ohne MwSt.) \u00fcbernommen.  <\/em><\/p>\n\n<p class=\"has-medium-font-size\">\u00a0<\/p>\n\n<p class=\"has-medium-font-size\">Die Besorgnis \u00fcber das schnelle Auftreten von Omicron hat die Regierung dazu veranlasst, die Mitarbeiter in den Unternehmen alle zwei Wochen mit Antigen-Selbsttest-Kits zu testen. Die Unternehmen erhalten f\u00fcr diese Tests einen Zuschuss in H\u00f6he von 60 CZK von der gesetzlichen Krankenkasse. <\/p>\n\n<p class=\"has-medium-font-size\">\u00a0<\/p>\n\n<p class=\"has-medium-font-size\">Bereits mit der ersten Welle der Testpflicht in Unternehmen haben wir ein einfaches Registrierungssystem f\u00fcr Covid-Tests entwickelt. Sie kaufen den Leuten Selbsttests und lassen sie sich selbst testen. Dann geben sie oder eine autorisierte Person die Ergebnisse in das System ein und Sie wissen genau, wie es um jeden einzelnen steht und wie viele Tests insgesamt gemacht wurden. Gleichzeitig verf\u00fcgen Sie \u00fcber einen automatisierten Bericht, der die Grundlage f\u00fcr die Erstattung durch die Versicherungsgesellschaft bildet.   <\/p>\n\n<p class=\"has-medium-font-size\">\u00a0<\/p>\n\n<p class=\"has-medium-font-size\"><a href=\"https:\/\/covidtest.smartfp.cz\/\" target=\"_blank\" rel=\"noreferrer noopener\">Covid Test Manager<\/a><a href=\"https:\/\/covidtest.smartfp.cz\/\" target=\"_blank\" rel=\"noreferrer noopener\">(covidtest.smartfp.cz)<\/a> wird Ihre Arbeit einfacher und schneller machen!<\/p>\n","protected":false},"excerpt":{"rendered":"<p>Ab dem 17. Januar m\u00fcssen sich alle Arbeitnehmer zweimal w\u00f6chentlich mit Antigen-Selbsttestkits testen lassen. Die obligatorischen Tests werden dann von der gesetzlichen Krankenversicherung zu einem Preis von 60 CZK pro Test (ohne MwSt.) \u00fcbernommen. \u00a0 Die Besorgnis \u00fcber das schnelle Auftreten von Omicron hat die Regierung dazu veranlasst, die Mitarbeiter in den Unternehmen alle zwei [&hellip;]<\/p>\n","protected":false},"author":7,"featured_media":5617,"comment_status":"closed","ping_status":"open","sticky":false,"template":"","format":"standard","meta":{"_eb_attr":"","inline_featured_image":false,"_eb_data_table":"","footnotes":""},"categories":[53],"tags":[],"class_list":["post-5614","post","type-post","status-publish","format-standard","has-post-thumbnail","hentry","category-artikel"],"yoast_head":"<!-- This site is optimized with the Yoast SEO plugin v27.5 - https:\/\/yoast.com\/product\/yoast-seo-wordpress\/ -->\n<title>Covid-Tests kehren in die Unternehmen zur\u00fcck - SmartFP<\/title>\n<meta name=\"robots\" content=\"index, follow, max-snippet:-1, max-image-preview:large, max-video-preview:-1\" \/>\n<link rel=\"canonical\" href=\"https:\/\/smartfp.cz\/de\/blog\/artikel\/covid-tests-kehren-in-die-unternehmen-zurueck\/\" \/>\n<meta property=\"og:locale\" content=\"de_DE\" \/>\n<meta property=\"og:type\" content=\"article\" \/>\n<meta property=\"og:title\" content=\"Covid-Tests kehren in die Unternehmen zur\u00fcck - SmartFP\" \/>\n<meta property=\"og:description\" content=\"Ab dem 17. Januar m\u00fcssen sich alle Arbeitnehmer zweimal w\u00f6chentlich mit Antigen-Selbsttestkits testen lassen. Die obligatorischen Tests werden dann von der gesetzlichen Krankenversicherung zu einem Preis von 60 CZK pro Test (ohne MwSt.) \u00fcbernommen. \u00a0 Die Besorgnis \u00fcber das schnelle Auftreten von Omicron hat die Regierung dazu veranlasst, die Mitarbeiter in den Unternehmen alle zwei [&hellip;]\" \/>\n<meta property=\"og:url\" content=\"https:\/\/smartfp.cz\/de\/blog\/artikel\/covid-tests-kehren-in-die-unternehmen-zurueck\/\" \/>\n<meta property=\"og:site_name\" content=\"SmartFP\" \/>\n<meta property=\"article:publisher\" content=\"https:\/\/www.facebook.com\/smartformplatform\" \/>\n<meta property=\"article:published_time\" content=\"2022-01-06T10:31:00+00:00\" \/>\n<meta property=\"article:modified_time\" content=\"2025-01-27T11:41:43+00:00\" \/>\n<meta property=\"og:image\" content=\"https:\/\/smartfp.cz\/wp-content\/uploads\/2022\/01\/covid.png\" \/>\n\t<meta property=\"og:image:width\" content=\"800\" \/>\n\t<meta property=\"og:image:height\" content=\"450\" \/>\n\t<meta property=\"og:image:type\" content=\"image\/png\" \/>\n<meta name=\"author\" content=\"Ema Nov\u00e1kov\u00e1\" \/>\n<meta name=\"twitter:card\" content=\"summary_large_image\" \/>\n<script type=\"application\/ld+json\" class=\"yoast-schema-graph\">{\"@context\":\"https:\\\/\\\/schema.org\",\"@graph\":[{\"@type\":\"Article\",\"@id\":\"https:\\\/\\\/smartfp.cz\\\/de\\\/blog\\\/artikel\\\/covid-tests-kehren-in-die-unternehmen-zurueck\\\/#article\",\"isPartOf\":{\"@id\":\"https:\\\/\\\/smartfp.cz\\\/de\\\/blog\\\/artikel\\\/covid-tests-kehren-in-die-unternehmen-zurueck\\\/\"},\"author\":{\"name\":\"Ema Nov\u00e1kov\u00e1\",\"@id\":\"https:\\\/\\\/smartfp.cz\\\/de\\\/#\\\/schema\\\/person\\\/aed660a2269a1da47c5d2f5181fc5d76\"},\"headline\":\"Covid-Tests kehren in die Unternehmen zur\u00fcck\",\"datePublished\":\"2022-01-06T10:31:00+00:00\",\"dateModified\":\"2025-01-27T11:41:43+00:00\",\"mainEntityOfPage\":{\"@id\":\"https:\\\/\\\/smartfp.cz\\\/de\\\/blog\\\/artikel\\\/covid-tests-kehren-in-die-unternehmen-zurueck\\\/\"},\"wordCount\":175,\"publisher\":{\"@id\":\"https:\\\/\\\/smartfp.cz\\\/de\\\/#organization\"},\"image\":{\"@id\":\"https:\\\/\\\/smartfp.cz\\\/de\\\/blog\\\/artikel\\\/covid-tests-kehren-in-die-unternehmen-zurueck\\\/#primaryimage\"},\"thumbnailUrl\":\"https:\\\/\\\/smartfp.cz\\\/wp-content\\\/uploads\\\/2022\\\/01\\\/covid.png\",\"articleSection\":[\"Artikel\"],\"inLanguage\":\"de\"},{\"@type\":\"WebPage\",\"@id\":\"https:\\\/\\\/smartfp.cz\\\/de\\\/blog\\\/artikel\\\/covid-tests-kehren-in-die-unternehmen-zurueck\\\/\",\"url\":\"https:\\\/\\\/smartfp.cz\\\/de\\\/blog\\\/artikel\\\/covid-tests-kehren-in-die-unternehmen-zurueck\\\/\",\"name\":\"Covid-Tests kehren in die Unternehmen zur\u00fcck - SmartFP\",\"isPartOf\":{\"@id\":\"https:\\\/\\\/smartfp.cz\\\/de\\\/#website\"},\"primaryImageOfPage\":{\"@id\":\"https:\\\/\\\/smartfp.cz\\\/de\\\/blog\\\/artikel\\\/covid-tests-kehren-in-die-unternehmen-zurueck\\\/#primaryimage\"},\"image\":{\"@id\":\"https:\\\/\\\/smartfp.cz\\\/de\\\/blog\\\/artikel\\\/covid-tests-kehren-in-die-unternehmen-zurueck\\\/#primaryimage\"},\"thumbnailUrl\":\"https:\\\/\\\/smartfp.cz\\\/wp-content\\\/uploads\\\/2022\\\/01\\\/covid.png\",\"datePublished\":\"2022-01-06T10:31:00+00:00\",\"dateModified\":\"2025-01-27T11:41:43+00:00\",\"breadcrumb\":{\"@id\":\"https:\\\/\\\/smartfp.cz\\\/de\\\/blog\\\/artikel\\\/covid-tests-kehren-in-die-unternehmen-zurueck\\\/#breadcrumb\"},\"inLanguage\":\"de\",\"potentialAction\":[{\"@type\":\"ReadAction\",\"target\":[\"https:\\\/\\\/smartfp.cz\\\/de\\\/blog\\\/artikel\\\/covid-tests-kehren-in-die-unternehmen-zurueck\\\/\"]}]},{\"@type\":\"ImageObject\",\"inLanguage\":\"de\",\"@id\":\"https:\\\/\\\/smartfp.cz\\\/de\\\/blog\\\/artikel\\\/covid-tests-kehren-in-die-unternehmen-zurueck\\\/#primaryimage\",\"url\":\"https:\\\/\\\/smartfp.cz\\\/wp-content\\\/uploads\\\/2022\\\/01\\\/covid.png\",\"contentUrl\":\"https:\\\/\\\/smartfp.cz\\\/wp-content\\\/uploads\\\/2022\\\/01\\\/covid.png\",\"width\":800,\"height\":450},{\"@type\":\"BreadcrumbList\",\"@id\":\"https:\\\/\\\/smartfp.cz\\\/de\\\/blog\\\/artikel\\\/covid-tests-kehren-in-die-unternehmen-zurueck\\\/#breadcrumb\",\"itemListElement\":[{\"@type\":\"ListItem\",\"position\":1,\"name\":\"Dom\u016f\",\"item\":\"https:\\\/\\\/smartfp.cz\\\/de\\\/\"},{\"@type\":\"ListItem\",\"position\":2,\"name\":\"Artikel\",\"item\":\"https:\\\/\\\/smartfp.cz\\\/de\\\/blog\\\/category\\\/artikel\\\/\"},{\"@type\":\"ListItem\",\"position\":3,\"name\":\"Covid-Tests kehren in die Unternehmen zur\u00fcck\"}]},{\"@type\":\"WebSite\",\"@id\":\"https:\\\/\\\/smartfp.cz\\\/de\\\/#website\",\"url\":\"https:\\\/\\\/smartfp.cz\\\/de\\\/\",\"name\":\"SmartFP\",\"description\":\"Firemn\u00ed aplikace a integrace\",\"publisher\":{\"@id\":\"https:\\\/\\\/smartfp.cz\\\/de\\\/#organization\"},\"potentialAction\":[{\"@type\":\"SearchAction\",\"target\":{\"@type\":\"EntryPoint\",\"urlTemplate\":\"https:\\\/\\\/smartfp.cz\\\/de\\\/?s={search_term_string}\"},\"query-input\":{\"@type\":\"PropertyValueSpecification\",\"valueRequired\":true,\"valueName\":\"search_term_string\"}}],\"inLanguage\":\"de\"},{\"@type\":\"Organization\",\"@id\":\"https:\\\/\\\/smartfp.cz\\\/de\\\/#organization\",\"name\":\"Gappex s.r.o.\",\"alternateName\":\"SmartFP\",\"url\":\"https:\\\/\\\/smartfp.cz\\\/de\\\/\",\"logo\":{\"@type\":\"ImageObject\",\"inLanguage\":\"de\",\"@id\":\"https:\\\/\\\/smartfp.cz\\\/de\\\/#\\\/schema\\\/logo\\\/image\\\/\",\"url\":\"https:\\\/\\\/smartfp.cz\\\/wp-content\\\/uploads\\\/2024\\\/05\\\/SFP-long-color-1.svg\",\"contentUrl\":\"https:\\\/\\\/smartfp.cz\\\/wp-content\\\/uploads\\\/2024\\\/05\\\/SFP-long-color-1.svg\",\"width\":100,\"height\":100,\"caption\":\"Gappex s.r.o.\"},\"image\":{\"@id\":\"https:\\\/\\\/smartfp.cz\\\/de\\\/#\\\/schema\\\/logo\\\/image\\\/\"},\"sameAs\":[\"https:\\\/\\\/www.facebook.com\\\/smartformplatform\",\"https:\\\/\\\/www.instagram.com\\\/smart.fp\\\/\",\"https:\\\/\\\/cz.linkedin.com\\\/company\\\/gappex\",\"https:\\\/\\\/www.youtube.com\\\/@smartfp\"]},{\"@type\":\"Person\",\"@id\":\"https:\\\/\\\/smartfp.cz\\\/de\\\/#\\\/schema\\\/person\\\/aed660a2269a1da47c5d2f5181fc5d76\",\"name\":\"Ema Nov\u00e1kov\u00e1\"}]}<\/script>\n<!-- \/ Yoast SEO plugin. -->","yoast_head_json":{"title":"Covid-Tests kehren in die Unternehmen zur\u00fcck - SmartFP","robots":{"index":"index","follow":"follow","max-snippet":"max-snippet:-1","max-image-preview":"max-image-preview:large","max-video-preview":"max-video-preview:-1"},"canonical":"https:\/\/smartfp.cz\/de\/blog\/artikel\/covid-tests-kehren-in-die-unternehmen-zurueck\/","og_locale":"de_DE","og_type":"article","og_title":"Covid-Tests kehren in die Unternehmen zur\u00fcck - SmartFP","og_description":"Ab dem 17. Januar m\u00fcssen sich alle Arbeitnehmer zweimal w\u00f6chentlich mit Antigen-Selbsttestkits testen lassen. Die obligatorischen Tests werden dann von der gesetzlichen Krankenversicherung zu einem Preis von 60 CZK pro Test (ohne MwSt.) \u00fcbernommen. \u00a0 Die Besorgnis \u00fcber das schnelle Auftreten von Omicron hat die Regierung dazu veranlasst, die Mitarbeiter in den Unternehmen alle zwei [&hellip;]","og_url":"https:\/\/smartfp.cz\/de\/blog\/artikel\/covid-tests-kehren-in-die-unternehmen-zurueck\/","og_site_name":"SmartFP","article_publisher":"https:\/\/www.facebook.com\/smartformplatform","article_published_time":"2022-01-06T10:31:00+00:00","article_modified_time":"2025-01-27T11:41:43+00:00","og_image":[{"width":800,"height":450,"url":"https:\/\/smartfp.cz\/wp-content\/uploads\/2022\/01\/covid.png","type":"image\/png"}],"author":"Ema Nov\u00e1kov\u00e1","twitter_card":"summary_large_image","schema":{"@context":"https:\/\/schema.org","@graph":[{"@type":"Article","@id":"https:\/\/smartfp.cz\/de\/blog\/artikel\/covid-tests-kehren-in-die-unternehmen-zurueck\/#article","isPartOf":{"@id":"https:\/\/smartfp.cz\/de\/blog\/artikel\/covid-tests-kehren-in-die-unternehmen-zurueck\/"},"author":{"name":"Ema Nov\u00e1kov\u00e1","@id":"https:\/\/smartfp.cz\/de\/#\/schema\/person\/aed660a2269a1da47c5d2f5181fc5d76"},"headline":"Covid-Tests kehren in die Unternehmen zur\u00fcck","datePublished":"2022-01-06T10:31:00+00:00","dateModified":"2025-01-27T11:41:43+00:00","mainEntityOfPage":{"@id":"https:\/\/smartfp.cz\/de\/blog\/artikel\/covid-tests-kehren-in-die-unternehmen-zurueck\/"},"wordCount":175,"publisher":{"@id":"https:\/\/smartfp.cz\/de\/#organization"},"image":{"@id":"https:\/\/smartfp.cz\/de\/blog\/artikel\/covid-tests-kehren-in-die-unternehmen-zurueck\/#primaryimage"},"thumbnailUrl":"https:\/\/smartfp.cz\/wp-content\/uploads\/2022\/01\/covid.png","articleSection":["Artikel"],"inLanguage":"de"},{"@type":"WebPage","@id":"https:\/\/smartfp.cz\/de\/blog\/artikel\/covid-tests-kehren-in-die-unternehmen-zurueck\/","url":"https:\/\/smartfp.cz\/de\/blog\/artikel\/covid-tests-kehren-in-die-unternehmen-zurueck\/","name":"Covid-Tests kehren in die Unternehmen zur\u00fcck - SmartFP","isPartOf":{"@id":"https:\/\/smartfp.cz\/de\/#website"},"primaryImageOfPage":{"@id":"https:\/\/smartfp.cz\/de\/blog\/artikel\/covid-tests-kehren-in-die-unternehmen-zurueck\/#primaryimage"},"image":{"@id":"https:\/\/smartfp.cz\/de\/blog\/artikel\/covid-tests-kehren-in-die-unternehmen-zurueck\/#primaryimage"},"thumbnailUrl":"https:\/\/smartfp.cz\/wp-content\/uploads\/2022\/01\/covid.png","datePublished":"2022-01-06T10:31:00+00:00","dateModified":"2025-01-27T11:41:43+00:00","breadcrumb":{"@id":"https:\/\/smartfp.cz\/de\/blog\/artikel\/covid-tests-kehren-in-die-unternehmen-zurueck\/#breadcrumb"},"inLanguage":"de","potentialAction":[{"@type":"ReadAction","target":["https:\/\/smartfp.cz\/de\/blog\/artikel\/covid-tests-kehren-in-die-unternehmen-zurueck\/"]}]},{"@type":"ImageObject","inLanguage":"de","@id":"https:\/\/smartfp.cz\/de\/blog\/artikel\/covid-tests-kehren-in-die-unternehmen-zurueck\/#primaryimage","url":"https:\/\/smartfp.cz\/wp-content\/uploads\/2022\/01\/covid.png","contentUrl":"https:\/\/smartfp.cz\/wp-content\/uploads\/2022\/01\/covid.png","width":800,"height":450},{"@type":"BreadcrumbList","@id":"https:\/\/smartfp.cz\/de\/blog\/artikel\/covid-tests-kehren-in-die-unternehmen-zurueck\/#breadcrumb","itemListElement":[{"@type":"ListItem","position":1,"name":"Dom\u016f","item":"https:\/\/smartfp.cz\/de\/"},{"@type":"ListItem","position":2,"name":"Artikel","item":"https:\/\/smartfp.cz\/de\/blog\/category\/artikel\/"},{"@type":"ListItem","position":3,"name":"Covid-Tests kehren in die Unternehmen zur\u00fcck"}]},{"@type":"WebSite","@id":"https:\/\/smartfp.cz\/de\/#website","url":"https:\/\/smartfp.cz\/de\/","name":"SmartFP","description":"Firemn\u00ed aplikace a integrace","publisher":{"@id":"https:\/\/smartfp.cz\/de\/#organization"},"potentialAction":[{"@type":"SearchAction","target":{"@type":"EntryPoint","urlTemplate":"https:\/\/smartfp.cz\/de\/?s={search_term_string}"},"query-input":{"@type":"PropertyValueSpecification","valueRequired":true,"valueName":"search_term_string"}}],"inLanguage":"de"},{"@type":"Organization","@id":"https:\/\/smartfp.cz\/de\/#organization","name":"Gappex s.r.o.","alternateName":"SmartFP","url":"https:\/\/smartfp.cz\/de\/","logo":{"@type":"ImageObject","inLanguage":"de","@id":"https:\/\/smartfp.cz\/de\/#\/schema\/logo\/image\/","url":"https:\/\/smartfp.cz\/wp-content\/uploads\/2024\/05\/SFP-long-color-1.svg","contentUrl":"https:\/\/smartfp.cz\/wp-content\/uploads\/2024\/05\/SFP-long-color-1.svg","width":100,"height":100,"caption":"Gappex s.r.o."},"image":{"@id":"https:\/\/smartfp.cz\/de\/#\/schema\/logo\/image\/"},"sameAs":["https:\/\/www.facebook.com\/smartformplatform","https:\/\/www.instagram.com\/smart.fp\/","https:\/\/cz.linkedin.com\/company\/gappex","https:\/\/www.youtube.com\/@smartfp"]},{"@type":"Person","@id":"https:\/\/smartfp.cz\/de\/#\/schema\/person\/aed660a2269a1da47c5d2f5181fc5d76","name":"Ema Nov\u00e1kov\u00e1"}]}},"_links":{"self":[{"href":"https:\/\/smartfp.cz\/de\/wp-json\/wp\/v2\/posts\/5614","targetHints":{"allow":["GET"]}}],"collection":[{"href":"https:\/\/smartfp.cz\/de\/wp-json\/wp\/v2\/posts"}],"about":[{"href":"https:\/\/smartfp.cz\/de\/wp-json\/wp\/v2\/types\/post"}],"author":[{"embeddable":true,"href":"https:\/\/smartfp.cz\/de\/wp-json\/wp\/v2\/users\/7"}],"replies":[{"embeddable":true,"href":"https:\/\/smartfp.cz\/de\/wp-json\/wp\/v2\/comments?post=5614"}],"version-history":[{"count":1,"href":"https:\/\/smartfp.cz\/de\/wp-json\/wp\/v2\/posts\/5614\/revisions"}],"predecessor-version":[{"id":5619,"href":"https:\/\/smartfp.cz\/de\/wp-json\/wp\/v2\/posts\/5614\/revisions\/5619"}],"wp:featuredmedia":[{"embeddable":true,"href":"https:\/\/smartfp.cz\/de\/wp-json\/wp\/v2\/media\/5617"}],"wp:attachment":[{"href":"https:\/\/smartfp.cz\/de\/wp-json\/wp\/v2\/media?parent=5614"}],"wp:term":[{"taxonomy":"category","embeddable":true,"href":"https:\/\/smartfp.cz\/de\/wp-json\/wp\/v2\/categories?post=5614"},{"taxonomy":"post_tag","embeddable":true,"href":"https:\/\/smartfp.cz\/de\/wp-json\/wp\/v2\/tags?post=5614"}],"curies":[{"name":"wp","href":"https:\/\/api.w.org\/{rel}","templated":true}]}}